{"id":163,"date":"2024-04-10T00:52:49","date_gmt":"2024-04-10T00:52:49","guid":{"rendered":"https:\/\/www.mediterranearadio.it\/?p=163"},"modified":"2024-04-11T17:08:09","modified_gmt":"2024-04-11T17:08:09","slug":"radio-mediterranea-il-ritmo-inconfondibile-del-mediterraneo","status":"publish","type":"post","link":"https:\/\/www.mediterranearadio.it\/en\/2024\/04\/10\/radio-mediterranea-il-ritmo-inconfondibile-del-mediterraneo\/","title":{"rendered":"Radio Mediterranea: Il Ritmo Inconfondibile del Mediterraneo"},"content":{"rendered":"<p>La radio Mediterranea \u00e8 una vera e propria oasi di divertimento e energia nel cuore del Mediterraneo, riflettendo la vivace atmosfera di Malta e la sua movida che attira turisti da tutto il mondo. Il nostro obiettivo \u00e8 offrire colonna sonora unica che possa essere accessibile in ogni momento della giornata, permettendo agli ascoltatori di immergersi nel ritmo e nell&#8217;energia delle nostre playlist.<\/p>\n\n\n\n<!--more-->\n\n\n\n<h2 class=\"wp-block-heading\">Perch\u00e9 una radio italiana si rivolge a Malta?<\/h2>\n\n\n\n<p>La domanda su perch\u00e9 una radio italiana si rivolga a un pubblico di un altro paese \u00e8 facilmente risolvibile.<\/p>\n\n\n\n<p><strong>Strengthening Bonds Between Sicily and Malta Through Radio: A Melodic Connection<\/strong><\/p>\n\n\n\n<p>La Sicilia e Malta, due gioielli del Mediterraneo, condividono molto pi\u00f9 di un confine marittimo. Oltre alle bellezze paesaggistiche e alla ricca storia, le due isole sono legate da un turismo vibrante e una vivace movida. Sono molto i Siciliani che trascorrono i weekend a Malta e viceversa, favoriti dai voli low della compagnia locale. <\/p>\n\n\n\n<p>L&#8217;idea di saldare ancora di pi\u00f9 questo legame attraverso un mezzo cos\u00ec potente come la radio \u00e8 affascinante e promettente. Malta \u00e8 diventata una seconda casa per molti italiani, in particolare per i siciliani, che hanno trovato nella piccola isola maltese una comunit\u00e0 accogliente e vivace. Tuttavia, manca ancora un punto di riferimento per loro, un&#8217;anima musicale che parli direttamente al cuore degli italiani e allo stesso tempo affascini i maltesi.<\/p>\n\n\n\n<p>La nascita di una radio che trasmette il 70% di musica internazionale e il restante 30% di musica italiana \u00e8 un passo audace e significativo verso la creazione di un ponte musicale tra le due culture. <\/p>\n\n\n\n<p>La musica &#8211; a nostro avviso &#8211; ha il potere di superare le barriere linguistiche e culturali, di trasportare emozioni e di creare un senso di appartenenza, coinvolgente e inclusiva.<\/p>\n\n\n\n<p>Inoltre, questa iniziativa potrebbe favorire una maggiore integrazione tra le comunit\u00e0 italiane e maltesi, creando spazi in cui le persone possano condividere le proprie esperienze, gusti musicali e tradizioni. La musica diventa cos\u00ec un linguaggio universale che unisce le persone e rafforza i legami tra le culture.<\/p>\n\n\n\n<p>Mediterranea nasce nel web, nella pittoresca citt\u00e0 siciliana di Adrano, in provincia di Catania, e oggi conta una rete di frequenze in DAB (Digital Audio Broadcasting) in tutto l&#8217;arcipelago Maltese. Grazie alla sua presenza sul web e alle sue frequenze DAB, la radio pu\u00f2 raggiungere un vasto pubblico, unendo le comunit\u00e0 italiane e maltesi attraverso le onde radio. Presto la radio aggiungere copertura in DAB in Sicilia, i nostri segnali sono ascoltati dalla Libia alla Grecia e in molte zone del mediterraneo. <\/p>\n\n\n\n<p>Mediterranea si distingue per il suo stile unico e inconfondibile, che riflette l&#8217;essenza stessa del Mediterraneo. Con la nostra musica movimentata e coinvolgente, vogliamo trasmettere l&#8217;energia e il calore della nostra regione, catturando l&#8217;attenzione e l&#8217;entusiasmo degli ascoltatori di Malta e di tutto il mondo. Siamo pi\u00f9 di una semplice radio: puntiamo ad essere un punto di riferimento per coloro che cercano spensieratezza e divertimento, dove la musica diventa il linguaggio universale che unisce le persone in un&#8217;unica grande party sotto il cielo del Mediterraneo.<\/p>","protected":false},"excerpt":{"rendered":"<p>La radio Mediterranea \u00e8 una vera e propria oasi di divertimento e energia nel cuore del Mediterraneo, riflettendo la vivace atmosfera di Malta e la sua movida che attira turisti da tutto il mondo. Il nostro obiettivo \u00e8 offrire colonna sonora unica che possa essere accessibile in ogni momento della giornata, permettendo agli ascoltatori di [&hellip;]<\/p>","protected":false},"author":1,"featured_media":135,"comment_status":"open","ping_status":"open","sticky":false,"template":"","format":"standard","meta":{"footnotes":""},"categories":[28],"tags":[96,91,89,93,95,90,86,87,88,94,92],"class_list":["post-163","post","type-post","status-publish","format-standard","has-post-thumbnail","hentry","category-scopri-la-programmazione-di-mediterranea","tag-atmosferaunica","tag-divertimentosenzafine","tag-energiamediterranea","tag-festapertutti","tag-italiainmediterraneo","tag-movidamaltese","tag-musicaitaliana","tag-ponticulturali","tag-radiomediterranea","tag-siciliaamalta","tag-successidance"],"_links":{"self":[{"href":"https:\/\/www.mediterranearadio.it\/en\/wp-json\/wp\/v2\/posts\/163","targetHints":{"allow":["GET"]}}],"collection":[{"href":"https:\/\/www.mediterranearadio.it\/en\/wp-json\/wp\/v2\/posts"}],"about":[{"href":"https:\/\/www.mediterranearadio.it\/en\/wp-json\/wp\/v2\/types\/post"}],"author":[{"embeddable":true,"href":"https:\/\/www.mediterranearadio.it\/en\/wp-json\/wp\/v2\/users\/1"}],"replies":[{"embeddable":true,"href":"https:\/\/www.mediterranearadio.it\/en\/wp-json\/wp\/v2\/comments?post=163"}],"version-history":[{"count":2,"href":"https:\/\/www.mediterranearadio.it\/en\/wp-json\/wp\/v2\/posts\/163\/revisions"}],"predecessor-version":[{"id":188,"href":"https:\/\/www.mediterranearadio.it\/en\/wp-json\/wp\/v2\/posts\/163\/revisions\/188"}],"wp:featuredmedia":[{"embeddable":true,"href":"https:\/\/www.mediterranearadio.it\/en\/wp-json\/wp\/v2\/media\/135"}],"wp:attachment":[{"href":"https:\/\/www.mediterranearadio.it\/en\/wp-json\/wp\/v2\/media?parent=163"}],"wp:term":[{"taxonomy":"category","embeddable":true,"href":"https:\/\/www.mediterranearadio.it\/en\/wp-json\/wp\/v2\/categories?post=163"},{"taxonomy":"post_tag","embeddable":true,"href":"https:\/\/www.mediterranearadio.it\/en\/wp-json\/wp\/v2\/tags?post=163"}],"curies":[{"name":"wp","href":"https:\/\/api.w.org\/{rel}","templated":true}]}}